{"id":3522,"date":"2018-02-11T15:00:41","date_gmt":"2018-02-11T13:00:41","guid":{"rendered":"http:\/\/www.musikerfabrik.de\/foerderband-hannover\/?p=3522"},"modified":"2018-03-11T22:37:16","modified_gmt":"2018-03-11T20:37:16","slug":"dania-koenig-unterstuetzt-dich-beim-songwritercamp-hannover-vom-28-2-3-3-2018","status":"publish","type":"post","link":"https:\/\/www.musikerfabrik.de\/foerderband-hannover\/dania-koenig-unterstuetzt-dich-beim-songwritercamp-hannover-vom-28-2-3-3-2018\/","title":{"rendered":"Dania K\u00f6nig unterst\u00fctzt dich beim Songwritercamp Hannover vom 28.2.-3.3.2018"},"content":{"rendered":"<h1>Dania K\u00f6nig unterst\u00fctzt das Songwritercamp Hannover als Mentor<\/h1>\n<p>Wir hatten beim letzten Camp den Eindruck, dass eine weibliche &#8222;Prozessbegleiterin&#8220; durchaus eine gute Erg\u00e4nzung zu unserem ansonsten eher m\u00e4nnlichen Dozententeam sein k\u00f6nnte. Nun haben wir mit Dania K\u00f6nig und Mia Friesen sogar gleich zwei Ladies dabei. Wunderbar.<\/p>\n<h2>Hier ist ein Video mit viel Musik von Dania K\u00f6nig und einigen pers\u00f6nlichen Gedanken zum Thema unterwegs \/ Reisen \/ heim<\/h2>\n<p>Wir finden ihren 8 Min-Clip sehr gelungen, um Dania etwas kennenzulernen und Lust auf unser <a href=\"https:\/\/www.musikerfabrik.de\/foerderband-hannover\/songs-gemeinsam-schreiben-beim-songwritercamp\/\">Songwritercamp Ende Februar<\/a> zu bekommen. (zum Video einfach hoch scrollen)<\/p>\n<span class=\"cb-button cb-pink cb-big cb-none\"><a href=\"http:\/\/www.songwriter-camp.com\" target=\"_blank\" rel=\"follow noopener\">Alle Infos zum Songwriter-Camp Hannover gibts hier<\/a><\/span>\n<h2>Als Dozenten beim SongwriterCamp Hannover sind ebenfalls dabei:<\/h2>\n<ul>\n<li><a href=\"https:\/\/www.musikerfabrik.de\/foerderband-hannover\/working-on-songs-gitarrist-lothar-kosse\/\">Lothar Kosse<\/a><\/li>\n<li>Daniel Schunn<\/li>\n<li><a href=\"https:\/\/www.musikerfabrik.de\/foerderband-hannover\/juri-und-mia-friesen-beim-songwritercamp-hannover\/\">Mia und Juri Friesen (Outbreakband)<\/a><\/li>\n<li><a href=\"https:\/\/www.musikerfabrik.de\/foerderband-hannover\/songs-gemeinsam-schreiben-beim-songwritercamp\/\">Jan-Michel Noeh<\/a><\/li>\n<li>Frank Wedel<\/li>\n<\/ul>\n<span class=\"cb-button cb-green cb-big cb-none\"><a href=\"https:\/\/musikerfabrik.chayns.net\/tapp\/index\/71519\" target=\"_blank\" rel=\"follow noopener\">Sei dabei und buche schnell noch direkt online<\/a><\/span>\n<p>&nbsp;<\/p>\n<p class=\"jetpack-slideshow-noscript robots-nocontent\">Diese Diashow ben\u00f6tigt JavaScript.<\/p><div id=\"gallery-3522-1-slideshow\" class=\"jetpack-slideshow-window jetpack-slideshow jetpack-slideshow-black\" data-trans=\"fade\" data-autostart=\"1\" data-gallery=\"[{&quot;src&quot;:&quot;https:\\\/\\\/www.musikerfabrik.de\\\/foerderband-hannover\\\/wp-content\\\/uploads\\\/sites\\\/2\\\/2018\\\/02\\\/17626588_1478007368877727_2726993608425025959_n-1.jpg&quot;,&quot;id&quot;:&quot;3532&quot;,&quot;title&quot;:&quot;17626588_1478007368877727_2726993608425025959_n-1&quot;,&quot;alt&quot;:&quot;&quot;,&quot;caption&quot;:&quot;&quot;,&quot;itemprop&quot;:&quot;image&quot;},{&quot;src&quot;:&quot;https:\\\/\\\/www.musikerfabrik.de\\\/foerderband-hannover\\\/wp-content\\\/uploads\\\/sites\\\/2\\\/2018\\\/02\\\/10888865_914839551861181_892696120226159066_n.jpg&quot;,&quot;id&quot;:&quot;3531&quot;,&quot;title&quot;:&quot;&quot;,&quot;alt&quot;:&quot;&quot;,&quot;caption&quot;:&quot;&quot;,&quot;itemprop&quot;:&quot;image&quot;},{&quot;src&quot;:&quot;https:\\\/\\\/www.musikerfabrik.de\\\/foerderband-hannover\\\/wp-content\\\/uploads\\\/sites\\\/2\\\/2018\\\/02\\\/10860946_914838145194655_9023681663461899781_o.jpg&quot;,&quot;id&quot;:&quot;3530&quot;,&quot;title&quot;:&quot;10860946_914838145194655_9023681663461899781_o&quot;,&quot;alt&quot;:&quot;&quot;,&quot;caption&quot;:&quot;&quot;,&quot;itemprop&quot;:&quot;image&quot;},{&quot;src&quot;:&quot;https:\\\/\\\/www.musikerfabrik.de\\\/foerderband-hannover\\\/wp-content\\\/uploads\\\/sites\\\/2\\\/2018\\\/02\\\/10407034_959625487382587_6559394192188112018_n.jpg&quot;,&quot;id&quot;:&quot;3529&quot;,&quot;title&quot;:&quot;10407034_959625487382587_6559394192188112018_n&quot;,&quot;alt&quot;:&quot;&quot;,&quot;caption&quot;:&quot;&quot;,&quot;itemprop&quot;:&quot;image&quot;},{&quot;src&quot;:&quot;https:\\\/\\\/www.musikerfabrik.de\\\/foerderband-hannover\\\/wp-content\\\/uploads\\\/sites\\\/2\\\/2018\\\/02\\\/10399128_100321156646362_8129008_n.jpg&quot;,&quot;id&quot;:&quot;3528&quot;,&quot;title&quot;:&quot;Dania K\\u00f6nig beim SongwriterCamp Hannover&quot;,&quot;alt&quot;:&quot;&quot;,&quot;caption&quot;:&quot;&quot;,&quot;itemprop&quot;:&quot;image&quot;},{&quot;src&quot;:&quot;https:\\\/\\\/www.musikerfabrik.de\\\/foerderband-hannover\\\/wp-content\\\/uploads\\\/sites\\\/2\\\/2018\\\/02\\\/10399128_100319693313175_6951045_n.jpg&quot;,&quot;id&quot;:&quot;3527&quot;,&quot;title&quot;:&quot;10399128_100319693313175_6951045_n&quot;,&quot;alt&quot;:&quot;&quot;,&quot;caption&quot;:&quot;&quot;,&quot;itemprop&quot;:&quot;image&quot;},{&quot;src&quot;:&quot;https:\\\/\\\/www.musikerfabrik.de\\\/foerderband-hannover\\\/wp-content\\\/uploads\\\/sites\\\/2\\\/2018\\\/02\\\/1519012_10152376694473638_7201272380005476730_o.jpg&quot;,&quot;id&quot;:&quot;3526&quot;,&quot;title&quot;:&quot;1519012_10152376694473638_7201272380005476730_o&quot;,&quot;alt&quot;:&quot;&quot;,&quot;caption&quot;:&quot;&quot;,&quot;itemprop&quot;:&quot;image&quot;},{&quot;src&quot;:&quot;https:\\\/\\\/www.musikerfabrik.de\\\/foerderband-hannover\\\/wp-content\\\/uploads\\\/sites\\\/2\\\/2018\\\/02\\\/75729_171954802816330_3876498_n.jpg&quot;,&quot;id&quot;:&quot;3525&quot;,&quot;title&quot;:&quot;75729_171954802816330_3876498_n&quot;,&quot;alt&quot;:&quot;&quot;,&quot;caption&quot;:&quot;&quot;,&quot;itemprop&quot;:&quot;image&quot;}]\" itemscope itemtype=\"https:\/\/schema.org\/ImageGallery\"><\/div>\n<h2>Zur Person Dania K\u00f6nig &#8211; eine ganze Menge Leben<\/h2>\n<p>Die Songs von Dania K\u00f6nig loten H\u00f6hen und Tiefen aus \u2013 und dazwischen jede Menge Leben. Umgekehrt wurde Danias Leben stark durch die Musik gepr\u00e4gt.\u00a0Mit ihrer Band \u201ck\u00f6nigwerq\u201d\u00a0ver\u00f6ffentlichte sie bei UNIVERSAL MUSIC \u00a0zwei Alben und einige Singles, mischte die Radiocharts in ihrer s\u00fcdwestdeutschen Heimat auf und hatte gro\u00dfe Fernsehauftritte, u. A.\u00a0 beim Vorentscheid zum \u00a0Eurovision Song Contest.<\/p>\n<p>Es folgten gro\u00dfe Tourneen, &#8222;k\u00f6nigwerq&#8220; spielte auf Touren von Lionel Richie, PUR und Nena.<\/p>\n<p>Schon bei \u201ck\u00f6nigwerq&#8220; lobten die Kritiker Danias Songs, die melodische Eing\u00e4ngigkeit mit textlichem Tiefgang vereinen, doch wer dazu neigt, die H\u00f6hen und Tiefen des eigenen Lebens in Lieder zu verwandeln, ist einfach reif daf\u00fcr, musikalische Solopfade zu beschreiten.\u00a0Ihre Songs stellen einen musikalischen und poetischen Ausflug in Grenzsituationen des Lebens dar, beleuchten die Skala zwischen Mutlosigkeit und Hoffnung, Angst und Zuversicht.<\/p>\n<p>Dania ver\u00f6ffentlicht ihre Songs im eigenen Label \u201eK\u00f6nigreich\u201c &#8211; aber auch in Verlagsh\u00e4usern wie H\u00e4nssler Musik und Gerth Medien.<\/p>\n<p>Sie war als Dozentin f\u00fcr Stimmbildung, Jazzgesang und Komposition an den Hochschulen in Mannheim und Osnabr\u00fcck t\u00e4tig, als Vocalcoach f\u00fcr RTL, arbeitete mit j\u00fcngeren Kindern im Bereich Kinderstimmbildung, Kinderchor und musikalische Fr\u00fcherziehung.<\/p>\n<p>Sie schreibt und produziert Songs f\u00fcr verschiedene Labels und K\u00fcnstler.<\/p>\n<p>Der Song \u201cKino\u201d aus ihrem Album \u201cAuf dem Grund\u201d wurde aktueller Titelsong des WDR Formats \u201cDie Runde Ecke\u201d, in dessen ersten Episoden Dania auch live zu sehen ist.<\/p>\n<p>Im Schwarzwald (Villingen) geboren und in Karlsruhe aufgewachsen, lebte Dania in den letzten Jahren mit ihrem Mann, dem amerikanischen Musiker Dino Soldo, und ihren 3 Kindern in S\u00fcdkalifornien. Seit 2014 ist die Familie mitsamt Katze wieder in einem kleinen D\u00f6rfchen zwischen K\u00f6ln und Bonn ans\u00e4ssig.<\/p>\n","protected":false},"excerpt":{"rendered":"<p>Dania K\u00f6nig unterst\u00fctzt dich beim Songwritercamp Hannover<\/p>\n<p>Wir hatten beim letzten Camp den Eindruck, dass eine weibliche &#8222;Prozessbegleiterin&#8220; durchaus eine gute Erg\u00e4nzung zu unserem ansonsten eher m\u00e4nnlichen Dozententeam sein k\u00f6nnte. Nun haben wir mit Dania K\u00f6nig und Mia Friesen sogar gleich zwei Ladies dabei. Wunderbar.<\/p>\n","protected":false},"author":2,"featured_media":3535,"comment_status":"open","ping_status":"open","sticky":false,"template":"","format":"video","meta":{"content-type":"","jetpack_post_was_ever_published":false,"footnotes":""},"categories":[221,91,99,166,131],"tags":[67,100,8,41,69,38,113,77,147,168,10,37,155,62],"class_list":["post-3522","post","type-post","status-publish","format-video","has-post-thumbnail","hentry","category-blog","category-people","category-news","category-songwritercamp","category-songwriting","tag-arrangieren","tag-artists-in-hannover","tag-elim-bluebox","tag-hannover","tag-improvisation","tag-kuenstleridentitaet","tag-liedbegleitung","tag-pop","tag-songwriter","tag-songwritercamp","tag-songwriting","tag-special-guests","tag-workshop","tag-workshopleiter-live","post_format-post-format-video"],"jetpack_featured_media_url":"https:\/\/www.musikerfabrik.de\/foerderband-hannover\/wp-content\/uploads\/sites\/2\/2018\/02\/10399128_100321156646362_8129008_n-2-e1518354615502.jpg","jetpack_shortlink":"https:\/\/wp.me\/p51hCu-UO","jetpack_sharing_enabled":true,"jetpack_likes_enabled":true,"_links":{"self":[{"href":"https:\/\/www.musikerfabrik.de\/foerderband-hannover\/wp-json\/wp\/v2\/posts\/3522","targetHints":{"allow":["GET"]}}],"collection":[{"href":"https:\/\/www.musikerfabrik.de\/foerderband-hannover\/wp-json\/wp\/v2\/posts"}],"about":[{"href":"https:\/\/www.musikerfabrik.de\/foerderband-hannover\/wp-json\/wp\/v2\/types\/post"}],"author":[{"embeddable":true,"href":"https:\/\/www.musikerfabrik.de\/foerderband-hannover\/wp-json\/wp\/v2\/users\/2"}],"replies":[{"embeddable":true,"href":"https:\/\/www.musikerfabrik.de\/foerderband-hannover\/wp-json\/wp\/v2\/comments?post=3522"}],"version-history":[{"count":13,"href":"https:\/\/www.musikerfabrik.de\/foerderband-hannover\/wp-json\/wp\/v2\/posts\/3522\/revisions"}],"predecessor-version":[{"id":3545,"href":"https:\/\/www.musikerfabrik.de\/foerderband-hannover\/wp-json\/wp\/v2\/posts\/3522\/revisions\/3545"}],"wp:featuredmedia":[{"embeddable":true,"href":"https:\/\/www.musikerfabrik.de\/foerderband-hannover\/wp-json\/wp\/v2\/media\/3535"}],"wp:attachment":[{"href":"https:\/\/www.musikerfabrik.de\/foerderband-hannover\/wp-json\/wp\/v2\/media?parent=3522"}],"wp:term":[{"taxonomy":"category","embeddable":true,"href":"https:\/\/www.musikerfabrik.de\/foerderband-hannover\/wp-json\/wp\/v2\/categories?post=3522"},{"taxonomy":"post_tag","embeddable":true,"href":"https:\/\/www.musikerfabrik.de\/foerderband-hannover\/wp-json\/wp\/v2\/tags?post=3522"}],"curies":[{"name":"wp","href":"https:\/\/api.w.org\/{rel}","templated":true}]}}