{"id":2527,"date":"2017-03-18T12:31:10","date_gmt":"2017-03-18T10:31:10","guid":{"rendered":"http:\/\/www.musikerfabrik.de\/foerderband-hannover\/?p=2527"},"modified":"2018-02-18T18:37:22","modified_gmt":"2018-02-18T16:37:22","slug":"lothar-kosse-leitet-das-songwritercamp-in-hannover","status":"publish","type":"post","link":"https:\/\/www.musikerfabrik.de\/foerderband-hannover\/lothar-kosse-leitet-das-songwritercamp-in-hannover\/","title":{"rendered":"Lothar Kosse leitet das SongWriterCamp in Hannover"},"content":{"rendered":"<h1>Lothar Kosse ist Mentor beim SongWriterCamp Hannover<\/h1>\n<p>und bringt neben seiner deutschen Bildsprache auch weitreichende Erfahrungen als Produzent, Songschreiber und Studiogitarrist mit. Er ist ein Ermutiger mit Herz und rockt die Gitarre mit Seele und Leidenschaft. Seine musikalischen Wurzeln hat der K\u00f6lner in der Christengemeinde Elim Hannover und kommt somit zum Heimspiel vorbei. Er begleitet dich bei der Suche nach den &#8222;Perlen, die Gott f\u00fcr dich versteckt hat&#8220; und hilft dir als Insider&nbsp;in deinem&nbsp;sch\u00f6pferischen Prozess. Mit ganz eigenen Metaphern&nbsp;hat er deutsche und englischen Texte entworfen, vertont und ver\u00f6ffentlicht, die weltweit in moderneren Gottesdiensten und Konzerten gecovert werden. \u00dcber Himmelfahrt ist er leitend beim SongWriterCamp und gibt wertvolle Impulse, die deine eigene &#8222;Handschrift&#8220; befl\u00fcgeln k\u00f6nnen.&nbsp;Was Lothar zum SongWriterCamp sagt, siehst du hier:<br \/>\n<iframe style=\"border: none; overflow: hidden;\" src=\"https:\/\/www.facebook.com\/plugins\/video.php?href=https%3A%2F%2Fwww.facebook.com%2Ffoerderbandhannover%2Fvideos%2F1298008523597626%2F&amp;show_text=0&amp;width=auto\" width=\"560\" height=\"315\" frameborder=\"0\" scrolling=\"no\" allowfullscreen=\"allowfullscreen\"><\/iframe><\/p>\n<h2>Stichpunktsammlung aus der Biographie von Lothar Kosse<\/h2>\n<p><img fetchpriority=\"high\" decoding=\"async\" class=\"alignleft size-medium wp-image-2529\" src=\"https:\/\/www.musikerfabrik.de\/foerderband-hannover\/wp-content\/uploads\/sites\/2\/2017\/03\/Kosse-Presse1-288x300.jpg\" alt=\"kosse-presse1\" width=\"288\" height=\"300\" srcset=\"https:\/\/www.musikerfabrik.de\/foerderband-hannover\/wp-content\/uploads\/sites\/2\/2017\/03\/Kosse-Presse1-288x300.jpg 288w, https:\/\/www.musikerfabrik.de\/foerderband-hannover\/wp-content\/uploads\/sites\/2\/2017\/03\/Kosse-Presse1-768x799.jpg 768w, https:\/\/www.musikerfabrik.de\/foerderband-hannover\/wp-content\/uploads\/sites\/2\/2017\/03\/Kosse-Presse1-984x1024.jpg 984w, https:\/\/www.musikerfabrik.de\/foerderband-hannover\/wp-content\/uploads\/sites\/2\/2017\/03\/Kosse-Presse1-600x624.jpg 600w\" sizes=\"(max-width: 288px) 100vw, 288px\" \/>Zieht bereits im Alter von einem Jahr die Wandergitarre seiner Mutter hinter sich her.<br \/>\nFliegt mit 6 Jahren aus dem Blockfl\u00f6tenchor. Sp\u00e4ter auch aus dem Mandolinenorchester.<br \/>\nMit 9 bringt er sich autodidaktisch Gitarre spielen bei, und dies mit enormer Ausdauer\u2026<br \/>\nMit 14 dann endlich die erste eigene E-Gitarre, die, an die Stereoanlage des heimischen Wohnzimmers angeschlossen ein hohes Ma\u00df an elterlicher Toleranz fordert. Eine Dokumentation von Jimi Hendrix, die er im Kino auf einem kleinen Kassettenrecorder mitschneidet \u00f6ffnet ihm den Blick f\u00fcr die Ausdrucksm\u00f6glichkeiten des Instruments.<br \/>\nLothar sammelt erste Erfahrungen in verschiedenen lokalen Bands im Raum Hannover, studiert mittlerweile Architektur und wird zeitgleich beim Studiengang Popularmusik an der Hochschule f\u00fcr Musik und Bildende Kunst in Hamburg angenommen.<br \/>\nSeine Karriere als Studiogitarrist beginnt, was ihm die M\u00f6glichkeit gibt viele unterschiedliche Stile und Produktionsmethoden kennenzulernen. Schon bald arrangiert und produziert er die Produktionen anderer K\u00fcnstler und hat 1988 die Chance, seine erste instrumentale Solo CD \u201eOne for all\u201c mit dem amerikanischen Bassisten Abraham Laboriel aufzunehmen, mit dem er auch einige Jahre sp\u00e4ter durch Europa tourt. Die Begegnung mit Abraham hat gro\u00dfen Einfluss auf ihn, weil er zum ersten Mal erlebt, dass ein Musiker Leidenschaft f\u00fcr Musik und Spiritualit\u00e4t authentisch miteinander vereint.<\/p>\n<figure id=\"attachment_2544\" aria-describedby=\"caption-attachment-2544\" style=\"width: 260px\" class=\"wp-caption alignright\"><img decoding=\"async\" class=\"wp-image-2544 size-medium\" src=\"https:\/\/www.musikerfabrik.de\/foerderband-hannover\/wp-content\/uploads\/sites\/2\/2015\/11\/Lothar_Kosse_SongWriterCamp_Hannover_Musikerfabrik_F\u00f6rderBand-260x300.jpg\" alt=\"Vollblutmusiker Lothar Kosse begleitet k\u00fcnstlerische Prozesse beim F\u00f6rderBand der Musikerfabrik\" width=\"260\" height=\"300\" srcset=\"https:\/\/www.musikerfabrik.de\/foerderband-hannover\/wp-content\/uploads\/sites\/2\/2015\/11\/Lothar_Kosse_SongWriterCamp_Hannover_Musikerfabrik_F\u00f6rderBand-260x300.jpg 260w, https:\/\/www.musikerfabrik.de\/foerderband-hannover\/wp-content\/uploads\/sites\/2\/2015\/11\/Lothar_Kosse_SongWriterCamp_Hannover_Musikerfabrik_F\u00f6rderBand-768x885.jpg 768w, https:\/\/www.musikerfabrik.de\/foerderband-hannover\/wp-content\/uploads\/sites\/2\/2015\/11\/Lothar_Kosse_SongWriterCamp_Hannover_Musikerfabrik_F\u00f6rderBand-889x1024.jpg 889w, https:\/\/www.musikerfabrik.de\/foerderband-hannover\/wp-content\/uploads\/sites\/2\/2015\/11\/Lothar_Kosse_SongWriterCamp_Hannover_Musikerfabrik_F\u00f6rderBand-600x691.jpg 600w\" sizes=\"(max-width: 260px) 100vw, 260px\" \/><figcaption id=\"caption-attachment-2544\" class=\"wp-caption-text\">Lothar Kosse Vollblutmusiker und Mentor beim SWC<\/figcaption><\/figure>\n<p>Neben seiner Arbeit als Instrumentalist beginnt Lothar Lieder zu schreiben in denen er seinen musikalischen Vorlieben und seinem Glauben an Gott Ausdruck verleiht. Diese Lieder finden ihren Weg im deutschsprachigen Raum und werden in den folgenden Jahren zu einem festen Bestandteil einer neuen christlichen Jugendkultur.<br \/>\n1994 folgt mit \u201eRockland\u201c die zweite instrumentale Solo-Produktion, die Lothar in den USA zusammen mit Gregg und Matt Bissonette an Drums und Bass im Trio aufnimmt.<br \/>\n1996 gr\u00fcndet er die \u201eCologne Worship Night\u201c. Seine Idee ist es, ein alternatives christliches Musikevent mitten in K\u00f6ln zu schaffen, zu dem Menschen aller gesellschaftlichen Schichten willkommen sind. In der Folgezeit kommen viele tausend Besucher zu den Worship Nights, die regelm\u00e4\u00dfig in fast allen K\u00f6lner Szene-Clubs, auf den Pl\u00e4tzen der Stadt und vor dem Dom stattfinden. Aus dieser Arbeit w\u00e4chst eine Band mit den Musikerfreunden Sebastian Roth, Daniel Jakobi, Andreas Krause und (aktuell)Manuel Halter zusammen, die auf Tournee geht und zahlreiche Produktionen mit vor allem deutschsprachigen Songs ver\u00f6ffentlicht. 1995 erscheint das erste Album \u201eDie Flut\u201c, 1998 \u201eUp\u201c, gefolgt 1999 von der dritten CD \u201eSiehst du das Licht\u201c.<br \/>\n1999 nimmt Lothar ein weiteres Instrumental-Album \u201eRainmaker\u201c auf, eine spektakul\u00e4re CD Produktion, die er gemeinsam mit der Drum-Legende Vinnie Colaiuta und Gitarren-Altmeister Phil Keaggy einspielt.<\/p>\n<p>Im Herbst 2001 kommt die CD \u201eLied des Himmels\u201c auf den Markt, 2004 \u201eZieh mich h\u00f6her\u201c, 2006 \u201eAll that sound\u201c, 2007 \u201eDu bist\u201c und 2011 \u201eLand in Sicht\u201c.<br \/>\nAuf Lothar\u00b4s aktueller Instrumental-CD \u201eProphecies\u201c, ver\u00f6ffentlicht 2013 , findet man auch Don Potter, Vorbild und Weggef\u00e4hrte, mit einem Gitarrensolo wieder. Auch diese Aufnahme entsteht in einer Trio Besetzung mit Nir Z an den Drums und Abraham Laboriel am Bass. Auf dieser Produktion wird einmal mehr deutlich, was die wesentlichen Merkmale von Lothar\u00b4s Musik sind: Leidenschaft, Inspiration und Lebensfreude.<br \/>\n<iframe src=\"https:\/\/www.youtube.com\/embed\/Clm3mR8RDAY\" width=\"auto\" height=\"315\" frameborder=\"0\" allowfullscreen=\"allowfullscreen\"><\/iframe><br \/>\n<iframe src=\"https:\/\/www.youtube.com\/embed\/RZdInKmFmI0\" width=\"auto\" height=\"315\" frameborder=\"0\" allowfullscreen=\"allowfullscreen\"><\/iframe><br \/>\n<iframe src=\"https:\/\/www.youtube.com\/embed\/tyS3AhvAa70\" width=\"auto\" height=\"315\" frameborder=\"0\" allowfullscreen=\"allowfullscreen\"><\/iframe><\/p>\n<p><img decoding=\"async\" class=\"alignleft wp-image-2532 size-full\" src=\"https:\/\/www.musikerfabrik.de\/foerderband-hannover\/wp-content\/uploads\/sites\/2\/2017\/03\/Kosse-Presse4.jpg\" alt=\"kosse-presse4\" width=\"3453\" height=\"4111\" srcset=\"https:\/\/www.musikerfabrik.de\/foerderband-hannover\/wp-content\/uploads\/sites\/2\/2017\/03\/Kosse-Presse4.jpg 3453w, https:\/\/www.musikerfabrik.de\/foerderband-hannover\/wp-content\/uploads\/sites\/2\/2017\/03\/Kosse-Presse4-252x300.jpg 252w, https:\/\/www.musikerfabrik.de\/foerderband-hannover\/wp-content\/uploads\/sites\/2\/2017\/03\/Kosse-Presse4-768x914.jpg 768w, https:\/\/www.musikerfabrik.de\/foerderband-hannover\/wp-content\/uploads\/sites\/2\/2017\/03\/Kosse-Presse4-860x1024.jpg 860w, https:\/\/www.musikerfabrik.de\/foerderband-hannover\/wp-content\/uploads\/sites\/2\/2017\/03\/Kosse-Presse4-600x714.jpg 600w\" sizes=\"(max-width: 3453px) 100vw, 3453px\" \/><\/p>\n<h2>Um Himmelfahrt finden dar\u00fcber hinaus noch weitere Konzerte und Seminare statt&nbsp;mit &#8222;the SHIYR Poets&#8220;, Lothar Kosse, Daniel Schunn, Jan-Michel Noeh, Danny Priebe, Frank Wedel, Norm Strauss und Noel Richards<\/h2>\n<h3>Mittwoch, 24.5.-Samstag, 27.5. <a href=\"http:\/\/www.songwriter-camp.com\" target=\"_blank\" rel=\"noopener\">SongwriterCamp Hannover<\/a><\/h3>\n<p><img loading=\"lazy\" decoding=\"async\" class=\"alignleft wp-image-597 size-thumbnail\" src=\"https:\/\/www.musikerfabrik.de\/foerderband-hannover\/wp-content\/uploads\/sites\/2\/2015\/06\/IMG_3132-150x150.jpg\" alt=\"Musikerfabrik - Wir machen Musiker in Hannover\" width=\"150\" height=\"150\" srcset=\"https:\/\/www.musikerfabrik.de\/foerderband-hannover\/wp-content\/uploads\/sites\/2\/2015\/06\/IMG_3132-150x150.jpg 150w, https:\/\/www.musikerfabrik.de\/foerderband-hannover\/wp-content\/uploads\/sites\/2\/2015\/06\/IMG_3132-125x125.jpg 125w\" sizes=\"(max-width: 150px) 100vw, 150px\" \/><\/p>\n<p>Neue Lieder braucht das Land!<br \/>\nWir erleben aktuell ein innovativ kreatives Zeitfenster. Neue Lieder entstehen. Moderne und alte Lieder treten in Dialog. Versch\u00fcttete Brunnen scheinen frisches Quellwasser hervorkommen zu lassen. Wunderbar. Das <strong><a href=\"http:\/\/www.songwriter-camp.com\" target=\"_blank\" rel=\"noopener\">SongWriterCamp Hannover<\/a><\/strong> soll ein sinnvolles Instrument in dieser Entwicklung sein. Durch&nbsp;Austausch und Gemeinschaft passiert Inspiration und es sprudeln neue Melodien mit frischen Texten hervor. Das ist unsere Erfahrung. Und unser Wunsch und unsere Erwartung sind neue Lieder in deutscher Sprache und lebensnaher Symbolik. Mit dabei sind als Mentoren:&nbsp;Lothar Kosse, Brian Doerksen, Daniel Schunn, Jan-Michel Noeh, Frank Wedel, Norm Strauss und Noel Richards.<\/p>\n<h3>Freitag, 26.5. 21:00 Kleines Nacht-Cafe&#8216; &#8211; <a href=\"https:\/\/www.musikerfabrik.de\/foerderband-hannover\/kleines-nachtcafe-konzert-mit-norm-strauss-in-hannover\/\">Konzert mit Norm Strauss (Canada)<\/a><\/h3>\n<h3>Samstag, 27.5. 11:00-12:30 Uhr <a href=\"https:\/\/www.musikerfabrik.de\/foerderband-hannover\/brian-doerksen-impulsreferat-songwriting-anbetungsleitung-sa-27-5-2017\/\">Impuls-Refarat Brian Doerksen (Canada) &#8220;&nbsp;Songwriting in der Anbetungsleitung &#8222;<\/a><\/h3>\n<p>Wie k\u00f6nnen Songwriter dienen, indem sie geistliche Erweckung unterst\u00fctzen und Quellen f\u00fcr die Gemeinde vor Ort mit zur Verf\u00fcgung stellen? Evangelikale, charismatische, traditionelle und liturgische Gemeinden k\u00f6nnen alle von einem Songwriter profitieren, der neue Melodien und musikalische Arrangements schreibt, um den Wortschatz, der wertvoll und wesentlich f\u00fcr den Ausdruck unseres Glaubens ist, einzubringen. Entdeckt mit Brian diese lebenswichtige M\u00f6glichkeit und den essenziellen Ruf. Brian wird auch einige seiner noch nicht ver\u00f6ffentlichten neuen Songs vorstellen.<\/p>\n<h3><strong>Samstag, 27.5. 14:00-15:30 Uhr <a href=\"https:\/\/www.musikerfabrik.de\/foerderband-hannover\/musiker-workshop-hannover\/\">Musiker-Workhops f\u00fcr Instrumente und Stimme<\/a><\/strong><\/h3>\n<ul>\n<li><strong>DRUM<\/strong> &#8211; Workshop mit Calum Rees (the SHIYR Poets, Canada)<\/li>\n<li><strong>GESANG<\/strong> &#8211; Workshop mit Teresa Trask (the SHIYR Poets,&nbsp;Canada)<\/li>\n<li><strong>BASS<\/strong> &#8211; Workshop mit Matthew Weeks (on Tour mit the SHIYR Poets, England)<\/li>\n<li><strong>KEYBOARDS<\/strong> \u2013&nbsp;<a href=\"http:\/\/www.danielschunn.com\/\" target=\"_blank\" rel=\"noopener\">Daniel Schunn<\/a>&nbsp;(Deutschland)<\/li>\n<\/ul>\n<h3>Samstag, 27.5. 20:00 Uhr <a href=\"https:\/\/www.musikerfabrik.de\/foerderband-hannover\/brian-doerksen-shiyr-poets-live-in-hannover-am-sa-27-05-2017\/\">Konzert mit Brian Doerksen &amp; the SHIYR Poets<\/a><\/h3>\n<p><a href=\"https:\/\/www.musikerfabrik.de\/foerderband-hannover\/bryan-doerksen-shiyr-poets-live-in-hannover-am-sa-27-05-2017\/\"><img loading=\"lazy\" decoding=\"async\" class=\"alignright wp-image-2239 size-thumbnail\" src=\"https:\/\/www.musikerfabrik.de\/foerderband-hannover\/wp-content\/uploads\/sites\/2\/2015\/11\/ShiyrPoets-V2-1-150x150.jpg\" alt=\"Brian Doerksen und Band gestalten Workshop beim F\u00f6rderBand der Musikerfabrik \/ Konzert am 27.5.2017 in Hannover\" width=\"150\" height=\"150\" srcset=\"https:\/\/www.musikerfabrik.de\/foerderband-hannover\/wp-content\/uploads\/sites\/2\/2015\/11\/ShiyrPoets-V2-1-150x150.jpg 150w, https:\/\/www.musikerfabrik.de\/foerderband-hannover\/wp-content\/uploads\/sites\/2\/2015\/11\/ShiyrPoets-V2-1-125x125.jpg 125w\" sizes=\"(max-width: 150px) 100vw, 150px\" \/><\/a><\/p>\n<p>Dies ist eins der wenigen Europa-Konzerte von Brian Doerksen in 2017. F\u00fcr seine musikalische Arbeit an den Psalmen, die bei the SHIYR Poets zum Tragen kommen, bekam er k\u00fcrzlich den &#8222;Canadian Gospel Music Awards 2017 for inspirational Album of the Year&#8220;. <a href=\"https:\/\/www.musikerfabrik.de\/foerderband-hannover\/brian-doerksen-shiyr-poets-live-in-hannover-am-sa-27-05-2017\/\">Tickets und Hintergrund zu The SHIYR Poets in Deutschland gibt&#8217;s hier.<\/a><\/p>\n<h3><strong>Sonntag, 28.5. 13:00-17:00 Uhr&nbsp;<\/strong><a href=\"https:\/\/www.musikerfabrik.de\/foerderband-hannover\/musiker-workshop-hannover\/\">Musikerworkshop f\u00fcr Zusammen!spielen in der Band &amp; praktisches&nbsp;Song-Erarbeiten an deinem Instrument<\/a><\/h3>\n<p>Als praxiserfahrene Mentoren sind dabei Danny Priebe, Frank Wedel, Jan-Michel Noeh und Daniel Schunn. Sie holen dich da ab, wo du gerade bist als SemiProfi, wie auch als Anf\u00e4nger.<\/p>\n<figure id=\"attachment_1963\" aria-describedby=\"caption-attachment-1963\" style=\"width: 750px\" class=\"wp-caption alignleft\"><img loading=\"lazy\" decoding=\"async\" class=\"wp-image-1963 size-large\" src=\"https:\/\/www.musikerfabrik.de\/foerderband-hannover\/wp-content\/uploads\/sites\/2\/2015\/11\/IMG-0051-1024x683.jpg\" alt=\"Musikerworkshop Hannover\" width=\"750\" height=\"500\" srcset=\"https:\/\/www.musikerfabrik.de\/foerderband-hannover\/wp-content\/uploads\/sites\/2\/2015\/11\/IMG-0051-1024x683.jpg 1024w, https:\/\/www.musikerfabrik.de\/foerderband-hannover\/wp-content\/uploads\/sites\/2\/2015\/11\/IMG-0051-300x200.jpg 300w, https:\/\/www.musikerfabrik.de\/foerderband-hannover\/wp-content\/uploads\/sites\/2\/2015\/11\/IMG-0051-768x512.jpg 768w, https:\/\/www.musikerfabrik.de\/foerderband-hannover\/wp-content\/uploads\/sites\/2\/2015\/11\/IMG-0051-600x400.jpg 600w, https:\/\/www.musikerfabrik.de\/foerderband-hannover\/wp-content\/uploads\/sites\/2\/2015\/11\/IMG-0051-360x240.jpg 360w\" sizes=\"(max-width: 750px) 100vw, 750px\" \/><figcaption id=\"caption-attachment-1963\" class=\"wp-caption-text\">Musikerworkshop Hannover<\/figcaption><\/figure>\n<p>&nbsp;<\/p>\n","protected":false},"excerpt":{"rendered":"<p>Lothar Kosse ist Mentor beim SongWriterCamp in Hannover. Sein unangefochtener Status als Vollblut-Gitarrist und Produzent macht ihn zu einem erfahrenen Begleiter deines sch\u00f6pferischen Prozesses. In einer ganz eigenen Bildsprache hat er deutsche und englischen Texte entworfen, vertont und ver\u00f6ffentlicht, die weltweit in moderneren Gottesdiensten und Konzerten gespielt werden. \u00dcber Himmelfahrt ist er leitend beim SongWriterCamp und gibt wertvolle Impulse, die deine eigene &#8222;Handschrift&#8220; befl\u00fcgeln k\u00f6nnen. <\/p>\n","protected":false},"author":2,"featured_media":2552,"comment_status":"open","ping_status":"open","sticky":false,"template":"","format":"video","meta":{"content-type":"","jetpack_post_was_ever_published":false,"footnotes":""},"categories":[91,156,166,131,189],"tags":[175,174,168],"class_list":["post-2527","post","type-post","status-publish","format-video","has-post-thumbnail","hentry","category-people","category-rueckblick","category-songwritercamp","category-songwriting","category-musikerfabrik-team","tag-gitarrist","tag-lothar-kosse","tag-songwritercamp","post_format-post-format-video"],"jetpack_featured_media_url":"https:\/\/www.musikerfabrik.de\/foerderband-hannover\/wp-content\/uploads\/sites\/2\/2015\/11\/Kosse-Presse4-e1489835420302.jpg","jetpack_shortlink":"https:\/\/wp.me\/p51hCu-EL","jetpack_sharing_enabled":true,"jetpack_likes_enabled":true,"_links":{"self":[{"href":"https:\/\/www.musikerfabrik.de\/foerderband-hannover\/wp-json\/wp\/v2\/posts\/2527","targetHints":{"allow":["GET"]}}],"collection":[{"href":"https:\/\/www.musikerfabrik.de\/foerderband-hannover\/wp-json\/wp\/v2\/posts"}],"about":[{"href":"https:\/\/www.musikerfabrik.de\/foerderband-hannover\/wp-json\/wp\/v2\/types\/post"}],"author":[{"embeddable":true,"href":"https:\/\/www.musikerfabrik.de\/foerderband-hannover\/wp-json\/wp\/v2\/users\/2"}],"replies":[{"embeddable":true,"href":"https:\/\/www.musikerfabrik.de\/foerderband-hannover\/wp-json\/wp\/v2\/comments?post=2527"}],"version-history":[{"count":17,"href":"https:\/\/www.musikerfabrik.de\/foerderband-hannover\/wp-json\/wp\/v2\/posts\/2527\/revisions"}],"predecessor-version":[{"id":2728,"href":"https:\/\/www.musikerfabrik.de\/foerderband-hannover\/wp-json\/wp\/v2\/posts\/2527\/revisions\/2728"}],"wp:featuredmedia":[{"embeddable":true,"href":"https:\/\/www.musikerfabrik.de\/foerderband-hannover\/wp-json\/wp\/v2\/media\/2552"}],"wp:attachment":[{"href":"https:\/\/www.musikerfabrik.de\/foerderband-hannover\/wp-json\/wp\/v2\/media?parent=2527"}],"wp:term":[{"taxonomy":"category","embeddable":true,"href":"https:\/\/www.musikerfabrik.de\/foerderband-hannover\/wp-json\/wp\/v2\/categories?post=2527"},{"taxonomy":"post_tag","embeddable":true,"href":"https:\/\/www.musikerfabrik.de\/foerderband-hannover\/wp-json\/wp\/v2\/tags?post=2527"}],"curies":[{"name":"wp","href":"https:\/\/api.w.org\/{rel}","templated":true}]}}