{"id":2235,"date":"2017-03-06T09:30:32","date_gmt":"2017-03-06T07:30:32","guid":{"rendered":"http:\/\/www.musikerfabrik.de\/foerderband-hannover\/?p=2235"},"modified":"2017-06-04T22:48:08","modified_gmt":"2017-06-04T20:48:08","slug":"brian-doerksen-shiyr-poets-live-in-hannover-am-sa-27-05-2017","status":"publish","type":"post","link":"https:\/\/www.musikerfabrik.de\/foerderband-hannover\/brian-doerksen-shiyr-poets-live-in-hannover-am-sa-27-05-2017\/","title":{"rendered":"Brian Doerksen &#038; The SHIYR Poets live in Hannover 27.05."},"content":{"rendered":"<h1 id=\"page-title\" class=\"page__title title\">&#8222;Making the world&#8217;s most loved and ancient songbook new again&#8230;&#8220;<\/h1>\n<h3>Brian Doerksen &amp; SHIYR POETS spielen in der Elim-Bluebox Hannover am Sa. 27.05.2017 um 20:00 Uhr<\/h3>\n<p>2013 haben wir als &#8222;Musikerfabrik F\u00f6rderBand Hannover&#8220; er\u00f6ffnet mit dem&nbsp;Songwriter-Event &#8222;Sing live&#8220; und spielten im Anschluss ein&nbsp;Konzert mit dem kanadischen Songwriter Brian Doerksen.&nbsp;Bereits damals erz\u00e4hlte er von seinem Psalmen-Projekt. Am 27. Mai 2017 sehen wir uns nun wieder zu einem mehrteiligen Workshop und Konzert mit Brian und seiner Band The SHIYR Poets (Calum Rees, Brian Thiessen und Teresa Trask).<\/p>\n<h3>The SHIYR Poets sind eine Gruppe von Freunden, Songwritern und Musikern, die sich zusammen getan haben, um die alten Psalmen musikalisch wieder zu entdecken,&nbsp;&nbsp;neu zu vertonen und im Folk-Rock Stil zu interpretieren.<\/h3>\n<p>Songs for the journey &#8211; mit Brian Doerksen und seiner Band SHIYR Poets<\/p>\n<p>Mit dem wohl emotionalsten und anspruchvollsten Programm kommt der kanadische JUNO-Award Gewinner Brian Doerksen mit seinem aktuellen Ensemble The SHIYR Poets im Mai 2017 nach Europa.<\/p>\n<p>Das inspirierende Psalmenprogramm, in dem alle gesungenen Psalmen im englischen Volltext in moderner Umsetzung von Folk bis Rock pr\u00e4sentiert werden, wird erg\u00e4nzt mit &#8222;best of&#8220; Songs von Brian Doerksen. Der beliebte Worship-Leiter hat mit seinen Songs \u00fcber Jahrzehnte das moderne Liedgut in nordamerikanischen und europ\u00e4ischen Kirchen mit beeinflusst.<\/p>\n<p>Abendkonzert mit neu vertonten Psalmen und beliebten Worship-Songs von Brian Doerksen.<\/p>\n<p>Sei dabei!<\/p>\n<h4><a href=\"http:\/\/www.cvents.eu\/de\/konzert-the-shiyr-poets-brian-doerksen-hannover-27052017\/\" target=\"_blank\" rel=\"noopener\">Konzert Tickets f\u00fcr Brian Doerksen &amp; The SHIYR Poets in Deutschland gibt es bei <strong>cvents.<\/strong><\/a><\/h4>\n<h4>Veranstaltungsort ist die <a href=\"https:\/\/www.musikerfabrik.de\/foerderband-hannover\/kontakt\/\">Elim-Bluebox mitten in Hannover<\/a>,&nbsp;10 Min. entfernt vom Hauptbahnhof.<\/h4>\n<p>Lade deine Freunde ein zu <a href=\"https:\/\/www.facebook.com\/events\/1799835980335982\" target=\"_blank\" rel=\"noopener\">Brian Doerksen &amp; the SHIYR Poets in Facebook<\/a><\/p>\n<p>&nbsp;<br \/>\n<iframe width=\"auto\" height=\"270\" src=\"https:\/\/www.youtube.com\/embed\/rSe3Zubbq8Q\" frameborder=\"0\" allowfullscreen><\/iframe><br \/>\n<iframe src=\"https:\/\/www.youtube.com\/embed\/J-bXx_qA4nY\" width=\"auto\" height=\"315\" frameborder=\"0\" allowfullscreen=\"allowfullscreen\"><\/iframe><br \/>\n<iframe src=\"https:\/\/www.youtube.com\/embed\/XKGfw3yPF_8?list=PLnNJgdGzrvLIFhJmkyB942zDlNbNniBcl\" width=\"auto\" height=\"315\" frameborder=\"0\" allowfullscreen=\"allowfullscreen\"><\/iframe><\/p>\n<p>&nbsp;<\/p>\n<h2>Um Himmelfahrt finden dar\u00fcber hinaus noch weitere Konzerte und Seminare statt&nbsp;mit &#8222;the SHIYR Poets&#8220;, Lothar Kosse, Daniel Schunn, Jan-Michel Noeh, Danny Priebe, Frank Wedel, Norm Strauss und Noel Richards<\/h2>\n<h3>Mittwoch, 24.5.-Samstag, 27.5. <a href=\"http:\/\/www.songwriter-camp.com\" target=\"_blank\" rel=\"noopener\">SongwriterCamp Hannover<\/a><\/h3>\n<p><img decoding=\"async\" class=\"alignleft wp-image-597 size-thumbnail\" src=\"https:\/\/www.musikerfabrik.de\/foerderband-hannover\/wp-content\/uploads\/sites\/2\/2015\/06\/IMG_3132-150x150.jpg\" alt=\"Musikerfabrik - Wir machen Musiker in Hannover\" width=\"150\" height=\"150\" srcset=\"https:\/\/www.musikerfabrik.de\/foerderband-hannover\/wp-content\/uploads\/sites\/2\/2015\/06\/IMG_3132-150x150.jpg 150w, https:\/\/www.musikerfabrik.de\/foerderband-hannover\/wp-content\/uploads\/sites\/2\/2015\/06\/IMG_3132-125x125.jpg 125w\" sizes=\"(max-width: 150px) 100vw, 150px\" \/><\/p>\n<p>Neue Lieder braucht das Land!<br \/>\nWir erleben aktuell ein innovativ kreatives Zeitfenster. Neue Lieder entstehen. Moderne und alte Lieder treten in Dialog. Versch\u00fcttete Brunnen scheinen frisches Quellwasser hervorkommen zu lassen. Wunderbar. Das <strong><a href=\"http:\/\/www.songwriter-camp.com\" target=\"_blank\" rel=\"noopener\">SongWriterCamp Hannover<\/a><\/strong> soll ein sinnvolles Instrument in dieser Entwicklung sein. Durch&nbsp;Austausch und Gemeinschaft passiert Inspiration und es sprudeln neue Melodien mit frischen Texten hervor. Das ist unsere Erfahrung. Und unser Wunsch und unsere Erwartung sind neue Lieder in deutscher Sprache und lebensnaher Symbolik. Mit dabei sind als Mentoren:&nbsp;Lothar Kosse, Brian Doerksen, Daniel Schunn, Jan-Michel Noeh, Frank Wedel, Norm Strauss und Noel Richards.<\/p>\n<h3>Freitag, 26.5. 21:00 Kleines Nacht-Cafe&#8216; &#8211; <a href=\"https:\/\/www.musikerfabrik.de\/foerderband-hannover\/kleines-nachtcafe-konzert-mit-norm-strauss-in-hannover\/\">Konzert mit Norm Strauss (Canada)<\/a><\/h3>\n<h3>Samstag, 27.5. 11:00-12:30 Uhr <a href=\"https:\/\/www.musikerfabrik.de\/foerderband-hannover\/brian-doerksen-impulsreferat-songwriting-anbetungsleitung-sa-27-5-2017\/\">Impuls-Refarat Brian Doerksen (Canada) &#8220;&nbsp;Songwriting in der Anbetungsleitung &#8222;<\/a><\/h3>\n<p>Wie k\u00f6nnen Songwriter dienen, indem sie geistliche Erweckung unterst\u00fctzen und Quellen f\u00fcr die Gemeinde vor Ort mit zur Verf\u00fcgung stellen? Evangelikale, charismatische, traditionelle und liturgische Gemeinden k\u00f6nnen alle von einem Songwriter profitieren, der neue Melodien und musikalische Arrangements schreibt, um den Wortschatz, der wertvoll und wesentlich f\u00fcr den Ausdruck unseres Glaubens ist, einzubringen. Entdeckt mit Brian diese lebenswichtige M\u00f6glichkeit und den essenziellen Ruf. Brian wird auch einige seiner noch nicht ver\u00f6ffentlichten neuen Songs vorstellen.<\/p>\n<h3><strong>Samstag, 27.5. 14:00-15:30 Uhr <a href=\"https:\/\/www.musikerfabrik.de\/foerderband-hannover\/musiker-workshop-hannover\/\">Musiker-Workhops f\u00fcr Instrumente und Stimme<\/a><\/strong><\/h3>\n<ul>\n<li><strong>DRUM<\/strong> &#8211; Workshop mit Calum Rees (the SHIYR Poets, Canada)<\/li>\n<li><strong>GESANG<\/strong> &#8211; Workshop mit Teresa Trask (the SHIYR Poets,&nbsp;Canada)<\/li>\n<li><strong>BASS<\/strong> &#8211; Workshop mit Matthew Weeks (on Tour mit the SHIYR Poets, England)<\/li>\n<li><strong>KEYBOARDS<\/strong> \u2013&nbsp;<a href=\"http:\/\/www.danielschunn.com\/\" target=\"_blank\" rel=\"noopener\">Daniel Schunn<\/a>&nbsp;(Deutschland)<\/li>\n<\/ul>\n<h3>Samstag, 27.5. 20:00 Uhr <a href=\"https:\/\/www.musikerfabrik.de\/foerderband-hannover\/brian-doerksen-shiyr-poets-live-in-hannover-am-sa-27-05-2017\/\">Konzert mit Brian Doerksen &amp; the SHIYR Poets<\/a><\/h3>\n<p><a href=\"https:\/\/www.musikerfabrik.de\/foerderband-hannover\/bryan-doerksen-shiyr-poets-live-in-hannover-am-sa-27-05-2017\/\"><img decoding=\"async\" class=\"alignright wp-image-2239 size-thumbnail\" src=\"https:\/\/www.musikerfabrik.de\/foerderband-hannover\/wp-content\/uploads\/sites\/2\/2015\/11\/ShiyrPoets-V2-1-150x150.jpg\" alt=\"Brian Doerksen und Band gestalten Workshop beim F\u00f6rderBand der Musikerfabrik \/ Konzert am 27.5.2017 in Hannover\" width=\"150\" height=\"150\" srcset=\"https:\/\/www.musikerfabrik.de\/foerderband-hannover\/wp-content\/uploads\/sites\/2\/2015\/11\/ShiyrPoets-V2-1-150x150.jpg 150w, https:\/\/www.musikerfabrik.de\/foerderband-hannover\/wp-content\/uploads\/sites\/2\/2015\/11\/ShiyrPoets-V2-1-125x125.jpg 125w\" sizes=\"(max-width: 150px) 100vw, 150px\" \/><\/a><\/p>\n<p>Dies ist eins der wenigen Europa-Konzerte von Brian Doerksen in 2017. F\u00fcr seine musikalische Arbeit an den Psalmen, die bei the SHIYR Poets zum Tragen kommen, bekam er k\u00fcrzlich den &#8222;Canadian Gospel Music Awards 2017 for inspirational Album of the Year&#8220;. <a href=\"https:\/\/www.musikerfabrik.de\/foerderband-hannover\/brian-doerksen-shiyr-poets-live-in-hannover-am-sa-27-05-2017\/\">Tickets und Hintergrund zu The SHIYR Poets in Deutschland gibt&#8217;s hier.<\/a><\/p>\n<h3><strong>Sonntag, 28.5. 13:00-17:00 Uhr&nbsp;<\/strong><a href=\"https:\/\/www.musikerfabrik.de\/foerderband-hannover\/musiker-workshop-hannover\/\">Musikerworkshop f\u00fcr Zusammen!spielen in der Band &amp; praktisches&nbsp;Song-Erarbeiten mit mehrstimmigen Backings und an deinem Instrument<\/a><\/h3>\n<p>Als praxiserfahrene Mentoren sind dabei Danny Priebe, Frank Wedel, Jan-Michel Noeh und Daniel Schunn. Sie holen dich da ab, wo du gerade bist als SemiProfi, wie auch als Anf\u00e4nger.<\/p>\n<figure id=\"attachment_1963\" aria-describedby=\"caption-attachment-1963\" style=\"width: 750px\" class=\"wp-caption alignleft\"><img fetchpriority=\"high\" decoding=\"async\" class=\"wp-image-1963 size-large\" src=\"https:\/\/www.musikerfabrik.de\/foerderband-hannover\/wp-content\/uploads\/sites\/2\/2015\/11\/IMG-0051-1024x683.jpg\" alt=\"Musikerworkshop Hannover\" width=\"750\" height=\"500\" srcset=\"https:\/\/www.musikerfabrik.de\/foerderband-hannover\/wp-content\/uploads\/sites\/2\/2015\/11\/IMG-0051-1024x683.jpg 1024w, https:\/\/www.musikerfabrik.de\/foerderband-hannover\/wp-content\/uploads\/sites\/2\/2015\/11\/IMG-0051-300x200.jpg 300w, https:\/\/www.musikerfabrik.de\/foerderband-hannover\/wp-content\/uploads\/sites\/2\/2015\/11\/IMG-0051-768x512.jpg 768w, https:\/\/www.musikerfabrik.de\/foerderband-hannover\/wp-content\/uploads\/sites\/2\/2015\/11\/IMG-0051-600x400.jpg 600w, https:\/\/www.musikerfabrik.de\/foerderband-hannover\/wp-content\/uploads\/sites\/2\/2015\/11\/IMG-0051-360x240.jpg 360w\" sizes=\"(max-width: 750px) 100vw, 750px\" \/><figcaption id=\"caption-attachment-1963\" class=\"wp-caption-text\">Musikerworkshop Hannover<\/figcaption><\/figure>\n<p>&nbsp;<\/p>\n","protected":false},"excerpt":{"rendered":"<p>Brian Doerksen &#038; the SHIYR Poets spielen live in Hannover am Sa. 27.05.2017 \/ Um Himmelfahrt gibt es dar\u00fcber hinaus zahlreichen Seminare und Konzerte in der Elim-Bluebox, dem Domizil der Musikerfabrik F\u00f6rderBand Hannover<\/p>\n","protected":false},"author":2,"featured_media":2239,"comment_status":"open","ping_status":"open","sticky":false,"template":"","format":"video","meta":{"content-type":"","jetpack_post_was_ever_published":false,"footnotes":""},"categories":[91],"tags":[153,154,89,155,78],"class_list":["post-2235","post","type-post","status-publish","format-video","has-post-thumbnail","hentry","category-people","tag-brian-doerksen","tag-christliche-songwriter","tag-konzert","tag-workshop","tag-worship","post_format-post-format-video"],"jetpack_featured_media_url":"https:\/\/www.musikerfabrik.de\/foerderband-hannover\/wp-content\/uploads\/sites\/2\/2015\/11\/ShiyrPoets-V2-1.jpg","jetpack_shortlink":"https:\/\/wp.me\/p51hCu-A3","jetpack_sharing_enabled":true,"jetpack_likes_enabled":true,"_links":{"self":[{"href":"https:\/\/www.musikerfabrik.de\/foerderband-hannover\/wp-json\/wp\/v2\/posts\/2235","targetHints":{"allow":["GET"]}}],"collection":[{"href":"https:\/\/www.musikerfabrik.de\/foerderband-hannover\/wp-json\/wp\/v2\/posts"}],"about":[{"href":"https:\/\/www.musikerfabrik.de\/foerderband-hannover\/wp-json\/wp\/v2\/types\/post"}],"author":[{"embeddable":true,"href":"https:\/\/www.musikerfabrik.de\/foerderband-hannover\/wp-json\/wp\/v2\/users\/2"}],"replies":[{"embeddable":true,"href":"https:\/\/www.musikerfabrik.de\/foerderband-hannover\/wp-json\/wp\/v2\/comments?post=2235"}],"version-history":[{"count":29,"href":"https:\/\/www.musikerfabrik.de\/foerderband-hannover\/wp-json\/wp\/v2\/posts\/2235\/revisions"}],"predecessor-version":[{"id":2563,"href":"https:\/\/www.musikerfabrik.de\/foerderband-hannover\/wp-json\/wp\/v2\/posts\/2235\/revisions\/2563"}],"wp:featuredmedia":[{"embeddable":true,"href":"https:\/\/www.musikerfabrik.de\/foerderband-hannover\/wp-json\/wp\/v2\/media\/2239"}],"wp:attachment":[{"href":"https:\/\/www.musikerfabrik.de\/foerderband-hannover\/wp-json\/wp\/v2\/media?parent=2235"}],"wp:term":[{"taxonomy":"category","embeddable":true,"href":"https:\/\/www.musikerfabrik.de\/foerderband-hannover\/wp-json\/wp\/v2\/categories?post=2235"},{"taxonomy":"post_tag","embeddable":true,"href":"https:\/\/www.musikerfabrik.de\/foerderband-hannover\/wp-json\/wp\/v2\/tags?post=2235"}],"curies":[{"name":"wp","href":"https:\/\/api.w.org\/{rel}","templated":true}]}}