{"id":1668,"date":"2016-08-27T12:42:08","date_gmt":"2016-08-27T10:42:08","guid":{"rendered":"http:\/\/www.musikerfabrik.de\/foerderband-hannover\/?p=1668"},"modified":"2018-02-18T18:35:14","modified_gmt":"2018-02-18T16:35:14","slug":"local-heroes-bandcontest-semifinale-niedersachsen-ii","status":"publish","type":"post","link":"https:\/\/www.musikerfabrik.de\/foerderband-hannover\/local-heroes-bandcontest-semifinale-niedersachsen-ii\/","title":{"rendered":"local heroes Bandcontest Semifinale Niedersachsen II"},"content":{"rendered":"<div>\n<h2>SA 27\/8\/16 \u2013 Einlass: 18:15 Uhr, Beginn: 19:00 Uhr<\/h2>\n<\/div>\n<div class=\"newsPics\">\n<div class=\"news-single-img\"><a class=\"fancy\" href=\"http:\/\/www.musikzentrum-hannover.de\/uploads\/pics\/08-27_Leuchtfeuer.jpg\" rel=\"gallery noopener\" target=\"_blank\"><img decoding=\"async\" class=\"alignright\" src=\"http:\/\/www.musikzentrum-hannover.de\/typo3temp\/pics\/1d7e81cd54.jpg\" alt=\"\" width=\"135\" height=\"68\" border=\"0\" \/><\/a><a class=\"fancy\" href=\"http:\/\/www.musikzentrum-hannover.de\/uploads\/pics\/08-27_Auftrieb.jpg\" rel=\"gallery noopener\" target=\"_blank\"><img decoding=\"async\" class=\"alignright\" src=\"http:\/\/www.musikzentrum-hannover.de\/typo3temp\/pics\/b2d35a8714.jpg\" alt=\"\" width=\"135\" height=\"82\" border=\"0\" \/><\/a><img decoding=\"async\" class=\"alignright\" src=\"http:\/\/www.musikzentrum-hannover.de\/typo3temp\/pics\/a6f2dd082a.jpg\" alt=\"\" width=\"135\" height=\"90\" border=\"0\" \/><a class=\"fancy\" href=\"http:\/\/www.musikzentrum-hannover.de\/uploads\/pics\/08-27_Nap.jpg\" rel=\"gallery noopener\" target=\"_blank\"><img loading=\"lazy\" decoding=\"async\" class=\"alignright\" src=\"http:\/\/www.musikzentrum-hannover.de\/typo3temp\/pics\/818bc0f087.jpg\" alt=\"\" width=\"135\" height=\"90\" border=\"0\" \/><img decoding=\"async\" class=\"alignright\" src=\"http:\/\/www.musikzentrum-hannover.de\/typo3temp\/pics\/a6f2dd082a.jpg\" alt=\"\" width=\"135\" height=\"90\" border=\"0\" \/><\/a><a class=\"fancy\" href=\"http:\/\/www.musikzentrum-hannover.de\/uploads\/pics\/08-27_Psaikorillaz.jpg\" rel=\"gallery noopener\" target=\"_blank\"><img loading=\"lazy\" decoding=\"async\" class=\"alignright\" src=\"http:\/\/www.musikzentrum-hannover.de\/typo3temp\/pics\/5b1689b3ea.jpg\" alt=\"\" width=\"135\" height=\"90\" border=\"0\" \/><\/a><a class=\"fancy\" href=\"http:\/\/www.musikzentrum-hannover.de\/uploads\/pics\/08-27_Purple_Rhino.jpg\" rel=\"gallery noopener\" target=\"_blank\"><img loading=\"lazy\" decoding=\"async\" class=\"alignright\" src=\"http:\/\/www.musikzentrum-hannover.de\/typo3temp\/pics\/0fcf708a7d.jpg\" alt=\"\" width=\"135\" height=\"90\" border=\"0\" \/><\/a><\/div>\n<\/div>\n<div class=\"newsUntertitel\">\n<h2><a class=\"fancy\" href=\"http:\/\/www.musikzentrum-hannover.de\/uploads\/pics\/08-27_Lost_Boy_and_Friends.jpg\" rel=\"gallery noopener\" target=\"_blank\"><img loading=\"lazy\" decoding=\"async\" class=\"alignright\" src=\"http:\/\/www.musikzentrum-hannover.de\/typo3temp\/pics\/84bdde278d.jpg\" alt=\"\" width=\"135\" height=\"84\" border=\"0\" \/><\/a><\/h2>\n<\/div>\n<div class=\"fliess\">\n<p class=\"p1\">In ganz Niedersachsen fanden in den letzten Monaten die Vorrunden des Bandwettbewerbs \u201elocal heroes\u201c statt. Die Sieger aus 30 Landkreisen und zwei Wildcard-Gewinner treten nun bei den vier Semifinalen am 26. und 27. August sowie am 2. und 3. September jeweils ab 19 Uhr auf. Das Publikum und eine Jury entscheiden, wer ins nieders\u00e4chsische Finale einzieht und damit die Chance auf die Teilnahme am Bundesfinale hat.<\/p>\n<p class=\"p1\">Schon bei den Semifinalen gibt es f\u00fcr die jungen Musiker bei dem nichtkommerziellen Wettbewerb au\u00dfer Erfahrungen und Kontakten etwas Besonderes zu gewinnen: Alle Teilnehmer bekommen nach ihrem Gig ein Feedback von einem Profimusiker und einen Mehrspur-Audio-Mitschnitt ihres Auftritts.<\/p>\n<p class=\"p1\">Acht Bands werden ins nieders\u00e4chsische Landesfinale einziehen, das am 24. September im MusikZentrum Hannover stattfinden wird. F\u00fcr sie werden ein professionelles Live-Video eines Songs und weitere Mitschnitte erstellt. Daruber hinaus erhalten drei Finalisten einen Platz beim Musiker-Coaching \u201eBandfactory Niedersachen\u201c.<\/p>\n<p class=\"p1\">\u201elocal heroes\u201c Niedersachsen wird gef\u00f6rdert vom Nieders\u00e4chsischen Ministerium f\u00fcr Wissenschaft und Kultur. PPC Music stiftet f\u00fcr alle Finalisten einen Gutschein \u00fcber 100 Euro.<\/p>\n<ul>\n<li><strong>8Seasons (Emden, Aurich, Leer)<\/strong><\/li>\n<li><strong>Purple Rhino (Osnabr\u00fcck Stadt)<\/strong><\/li>\n<li><strong>Psaikorillaz (Osnabr\u00fcck Land)<\/strong><\/li>\n<li><strong>Subway Eleven (L\u00fcneburg)<\/strong><\/li>\n<li><strong>Auftrieb (Wildcard Emden, Aurich, Leer, Ostrhauderfehn)<\/strong><\/li>\n<\/ul>\n<p><a href=\"http:\/\/www.localheroes-nds.de\/\" target=\"_blank\" rel=\"noopener\">www.localheroes-nds.de<\/a><\/p>\n<\/div>\n<div class=\"VKPreis\">AK: 10 \u20ac zzgl. aller Geb\u00fchren, Erm\u00e4\u00dfigt: 8 \u20ac<\/div>\n<div class=\"VKPreis\"><\/div>\n<div class=\"VKPreis\">Weiterf\u00fchrendes Thema: <a href=\"http:\/\/www.deutschlandradiokultur.de\/25-jahre-local-heroes-der-groesste-deutsche-bandwettbewerb.2177.de.html?dram%3Aarticle_id=361860\" target=\"_blank\" rel=\"noopener\">Happy Birthday! &#8222;local heroes&#8220; wird 25 Jahre alt.<\/a><\/div>\n","protected":false},"excerpt":{"rendered":"<p>In ganz Niedersachsen fanden in den letzten Monaten die Vorrunden des Bandwettbewerbs \u201elocal heroes\u201c statt. Die Sieger aus 30 Landkreisen und zwei Wildcard-Gewinner treten nun bei den vier Semifinalen am 26. und 27. August sowie am 2. und 3. September jeweils ab 19 Uhr auf. Das Publikum und eine Jury entscheiden, wer ins nieders\u00e4chsische Finale einzieht und damit die Chance auf die Teilnahme am Bundesfinale hat.<\/p>\n","protected":false},"author":2,"featured_media":1671,"comment_status":"open","ping_status":"open","sticky":false,"template":"","format":"standard","meta":{"content-type":"","jetpack_post_was_ever_published":false,"footnotes":""},"categories":[130,125],"tags":[14,71,61,40,89,56,55],"class_list":["post-1668","post","type-post","status-publish","format-standard","has-post-thumbnail","hentry","category-arrange","category-band","tag-drums","tag-e-gitarre","tag-events","tag-gesang","tag-konzert","tag-popmusik","tag-rockmusik"],"jetpack_featured_media_url":"https:\/\/www.musikerfabrik.de\/foerderband-hannover\/wp-content\/uploads\/sites\/2\/2016\/08\/08-27_8Seasons.jpg","jetpack_shortlink":"https:\/\/wp.me\/p51hCu-qU","jetpack_sharing_enabled":true,"jetpack_likes_enabled":true,"_links":{"self":[{"href":"https:\/\/www.musikerfabrik.de\/foerderband-hannover\/wp-json\/wp\/v2\/posts\/1668","targetHints":{"allow":["GET"]}}],"collection":[{"href":"https:\/\/www.musikerfabrik.de\/foerderband-hannover\/wp-json\/wp\/v2\/posts"}],"about":[{"href":"https:\/\/www.musikerfabrik.de\/foerderband-hannover\/wp-json\/wp\/v2\/types\/post"}],"author":[{"embeddable":true,"href":"https:\/\/www.musikerfabrik.de\/foerderband-hannover\/wp-json\/wp\/v2\/users\/2"}],"replies":[{"embeddable":true,"href":"https:\/\/www.musikerfabrik.de\/foerderband-hannover\/wp-json\/wp\/v2\/comments?post=1668"}],"version-history":[{"count":12,"href":"https:\/\/www.musikerfabrik.de\/foerderband-hannover\/wp-json\/wp\/v2\/posts\/1668\/revisions"}],"predecessor-version":[{"id":1682,"href":"https:\/\/www.musikerfabrik.de\/foerderband-hannover\/wp-json\/wp\/v2\/posts\/1668\/revisions\/1682"}],"wp:featuredmedia":[{"embeddable":true,"href":"https:\/\/www.musikerfabrik.de\/foerderband-hannover\/wp-json\/wp\/v2\/media\/1671"}],"wp:attachment":[{"href":"https:\/\/www.musikerfabrik.de\/foerderband-hannover\/wp-json\/wp\/v2\/media?parent=1668"}],"wp:term":[{"taxonomy":"category","embeddable":true,"href":"https:\/\/www.musikerfabrik.de\/foerderband-hannover\/wp-json\/wp\/v2\/categories?post=1668"},{"taxonomy":"post_tag","embeddable":true,"href":"https:\/\/www.musikerfabrik.de\/foerderband-hannover\/wp-json\/wp\/v2\/tags?post=1668"}],"curies":[{"name":"wp","href":"https:\/\/api.w.org\/{rel}","templated":true}]}}