{"id":1545,"date":"2015-05-08T19:04:11","date_gmt":"2015-05-08T17:04:11","guid":{"rendered":"http:\/\/www.musikerfabrik.de\/foerderband-hannover\/?p=1545"},"modified":"2026-03-09T23:40:21","modified_gmt":"2026-03-09T21:40:21","slug":"schoener-spielen-gesuender-leben-klavierseminar-mit-daniel-schunn","status":"publish","type":"post","link":"https:\/\/www.musikerfabrik.de\/foerderband-hannover\/schoener-spielen-gesuender-leben-klavierseminar-mit-daniel-schunn\/","title":{"rendered":"&#8222;Sch\u00f6ner spielen &#8211; ges\u00fcnder leben&#8220; Klavierseminar mit Daniel Schunn"},"content":{"rendered":"<p>Klavierseminar im Juli &#8222;Sch\u00f6ner spielen &#8211; ges\u00fcnder leben&#8220; (Begleitung, Grooves) Daniel Schunns\u00a0pers\u00f6nliches Konzept f\u00fcr ein erf\u00fclltes Leben!<\/p>\n<table id=\"seminare\">\n<tbody>\n<tr>\n<td class=\"top\" colspan=\"2\">\n<h1>Sch\u00f6ner spielen &#8211; ges\u00fcnder leben<\/h1>\n<h2>Klavierseminar &#8211; Begleitung, Groove und Stilistiken<\/h2>\n<p>Das Seminar richtet sich an Ehrenamtliche in Kirchengemeinden aller Altersstufen und Klaviermusikinteressierte.<\/p>\n<p>Kursinhalte:<br \/>\neinfache Liedbegleitung mit Akkorden, Pop-Balladen, Stilistiken (Pop, Rock, einfache Latin-Begleitung, Funk), Bildung von Intros\/Endings, effektives \u00dcben, praxisbezogene Theorie-Einheiten, Einf\u00fchrung in Improvisation, Bodypercussion<br \/>\nVoraussetzungen: ca. 2 Jahre Klavierunterricht oder Praxiserfahrung, Grundkenntnisse \u00fcber Bildung von Akkorden (3-Kl\u00e4nge), grundlegende Notenkenntnisse. Die Teilnehmer\/-innen werden gebeten, wenn m\u00f6glich, eigene E-Pianos (oder Keyboards) und Kopfh\u00f6rer mitzubringen.<\/p>\n<p>Der Referent: Daniel Schunn (Hannover) hat in Freiburg und in Dinkelsb\u00fchl ein Rock\/Pop\/Jazz-Studium absolviert.<br \/>\nEr ist Live- und Studio-Pianist \/ Keyboarder, Songwriter und Komponist, unterrichtet privat Kinder und Erwachsene und am Music College Hannover.<br \/>\nSeit 15 Jahren Workshop-Dozent f\u00fcr Band- und Klavierseminare.<\/p>\n<p>Weitere Informationen unter:www.DanielSchunn.com<\/td>\n<\/tr>\n<tr>\n<td class=\"detaildown\">VA Nr.: 16244<\/p>\n<p>Leitung:<br \/>\nDaniel Schunn, Pianist, Komponist<\/p>\n<p>P\u00e4d. Verantwortung:<br \/>\nSimone Truderung<\/p>\n<p>Verwaltung:<br \/>\n<a href=\"mailto:seminare@zeb.stephansstift.de\">Monika Pook<\/a><br \/>\nTel.:0511 5353-609<br \/>\nEmail:seminare@zeb.stephansstift.de<\/td>\n<td class=\"detaildown\">\n<p class=\"datum\">Beginn: 29.07.2016 16:00 &#8211; 20:30 Uhr<\/p>\n<p class=\"datum\">Ende: 31.07.2016 09:00 &#8211; 14:00 Uhr<\/p>\n<p>Kostenbeitrag:<br \/>\n92,- \u20ac \u00dc\/V\/DZ + 155,00 \u20ac Seminargeb\u00fchr<\/p>\n<p>Bitte, wenn m\u00f6glich, eigene E-Pianos (oder Keyboards) und Kopfh\u00f6rer mitbringen.<\/p>\n<p><img decoding=\"async\" src=\"http:\/\/www.stephansstift.de\/fileadmin\/templates_stephansstift\/images\/pdf.gif\" alt=\"\" \/>\u00a0<a href=\"http:\/\/www.stephansstift.de\/fileadmin\/user_upload\/Stephansstift\/PDF-Dokumente\/ZEB\/Bildungsprogramm_2016.pdf\" target=\"_blank\" rel=\"noopener\">Bildungsprogramm 2016<\/a><\/p>\n<p>Seminar buchen: hier<\/td>\n<\/tr>\n<\/tbody>\n<\/table>\n<p>Daniel Schunn &#8222;Home&#8220; &#8211; St\u00fcck f\u00fcr Klavier<\/p>\n<p><iframe src=\"https:\/\/www.youtube.com\/embed\/jkGQOXUA-tA?autoplay=1&amp;rel=0&amp;vq=hd720 \" width=\"560\" height=\"315\" frameborder=\"0\" allowfullscreen=\"allowfullscreen\"><\/iframe><\/p>\n","protected":false},"excerpt":{"rendered":"<p>Unser Sommer-Tipp f\u00fcr Klavierspieler mit Lust auf einfache Liedbegleitung mit Akkorden, Pop-Balladen, Stilistiken (Pop, Rock, einfache Latin-Begleitung, Funk), Bildung von Intros\/Endings, effektives \u00dcben, praxisbezogene Theorie-Einheiten, Einf\u00fchrung in Improvisation, Bodypercussion<br \/>\nVoraussetzungen: ca. 2 Jahre Klavierunterricht oder Praxiserfahrung, Grundkenntnisse \u00fcber Bildung von Akkorden (3-Kl\u00e4nge), grundlegende Notenkenntnisse. Die Teilnehmer\/-innen werden gebeten, wenn m\u00f6glich, eigene E-Pianos (oder Keyboards) und Kopfh\u00f6rer mitzubringen.<\/p>\n","protected":false},"author":2,"featured_media":1547,"comment_status":"open","ping_status":"open","sticky":false,"template":"","format":"standard","meta":{"content-type":"","jetpack_post_was_ever_published":false,"footnotes":""},"categories":[97],"tags":[41,114,113],"class_list":["post-1545","post","type-post","status-publish","format-standard","has-post-thumbnail","hentry","category-archiv","tag-hannover","tag-klavierspielen","tag-liedbegleitung"],"jetpack_featured_media_url":"https:\/\/www.musikerfabrik.de\/foerderband-hannover\/wp-content\/uploads\/sites\/2\/2016\/05\/12120188_10205150401343494_315240912189244499_o.jpg","jetpack_shortlink":"https:\/\/wp.me\/p51hCu-oV","jetpack_sharing_enabled":true,"jetpack_likes_enabled":true,"_links":{"self":[{"href":"https:\/\/www.musikerfabrik.de\/foerderband-hannover\/wp-json\/wp\/v2\/posts\/1545","targetHints":{"allow":["GET"]}}],"collection":[{"href":"https:\/\/www.musikerfabrik.de\/foerderband-hannover\/wp-json\/wp\/v2\/posts"}],"about":[{"href":"https:\/\/www.musikerfabrik.de\/foerderband-hannover\/wp-json\/wp\/v2\/types\/post"}],"author":[{"embeddable":true,"href":"https:\/\/www.musikerfabrik.de\/foerderband-hannover\/wp-json\/wp\/v2\/users\/2"}],"replies":[{"embeddable":true,"href":"https:\/\/www.musikerfabrik.de\/foerderband-hannover\/wp-json\/wp\/v2\/comments?post=1545"}],"version-history":[{"count":8,"href":"https:\/\/www.musikerfabrik.de\/foerderband-hannover\/wp-json\/wp\/v2\/posts\/1545\/revisions"}],"predecessor-version":[{"id":1554,"href":"https:\/\/www.musikerfabrik.de\/foerderband-hannover\/wp-json\/wp\/v2\/posts\/1545\/revisions\/1554"}],"wp:featuredmedia":[{"embeddable":true,"href":"https:\/\/www.musikerfabrik.de\/foerderband-hannover\/wp-json\/wp\/v2\/media\/1547"}],"wp:attachment":[{"href":"https:\/\/www.musikerfabrik.de\/foerderband-hannover\/wp-json\/wp\/v2\/media?parent=1545"}],"wp:term":[{"taxonomy":"category","embeddable":true,"href":"https:\/\/www.musikerfabrik.de\/foerderband-hannover\/wp-json\/wp\/v2\/categories?post=1545"},{"taxonomy":"post_tag","embeddable":true,"href":"https:\/\/www.musikerfabrik.de\/foerderband-hannover\/wp-json\/wp\/v2\/tags?post=1545"}],"curies":[{"name":"wp","href":"https:\/\/api.w.org\/{rel}","templated":true}]}}